{"id":230395,"date":"2022-09-03T19:52:48","date_gmt":"2022-09-03T17:52:48","guid":{"rendered":"https:\/\/westiesbesties.pl\/?p=230395"},"modified":"2023-07-13T23:12:41","modified_gmt":"2023-07-13T21:12:41","slug":"miedzynarodowydzienpsa","status":"publish","type":"post","link":"https:\/\/westiesbesties.pl\/en\/miedzynarodowydzienpsa\/","title":{"rendered":"#MI\u0118DZYNARODOWYDZIE\u0143PSA \ufffc\ufffc\ufffc"},"content":{"rendered":"<p>&#8222;Wy nie wiecie, a ja wiem,<\/p>\n\n\n\n<p>Jak rozmawia\u0107 trzeba z psem,<\/p>\n\n\n\n<p>Bo pozna\u0142em j\u0119zyk psi,<\/p>\n\n\n\n<p>Gdy mieszka\u0142em w pewnej wsi.<\/p>\n\n\n\n<p>A <a><\/a>wi\u0119c wo\u0142am: \u2013 Do mnie, psie!<\/p>\n\n\n\n<p>I ju\u017c pies odzywa si\u0119.<\/p>\n\n\n\n<p>Potem wo\u0142am: \u2013 Hop-sa-sa!<\/p>\n\n\n\n<p>I ju\u017c mam przy sobie psa.<\/p>\n\n\n\n<p>A gdy powiem: \u2013 Cicho le\u017c!<\/p>\n\n\n\n<p>Le\u017c\u0119 ja i pies m\u00f3j te\u017c.<\/p>\n\n\n\n<p>Kiedy d\u0142o\u0144 wyci\u0105gam do\u0144,<\/p>\n\n\n\n<p>Grzecznie li\u017ce moj\u0105 d\u0142o\u0144.<\/p>\n\n\n\n<p>I zabawnie szczerzy k\u0142y,<\/p>\n\n\n\n<p>Cho\u0107 nie bywa nigdy z\u0142y.<\/p>\n\n\n\n<p>Gdy psu ko\u015b\u0107 dam \u2013 pies j\u0105 ssie,<\/p>\n\n\n\n<p>Bo to s\u0105 zwyczaje psie.<\/p>\n\n\n\n<p>Gdy pisa\u0142em wierszyk ten,<\/p>\n\n\n\n<p>Pies u n\u00f3g mych zapad\u0142 w sen,<\/p>\n\n\n\n<p>Potem wsta\u0142, wypr\u0119\u017cy\u0142 grzbiet,<\/p>\n\n\n\n<p>\u017bebym z nim na spacer szed\u0142.<\/p>\n\n\n\n<p>Szli\u015bmy razem \u2013 ja i on,<\/p>\n\n\n\n<p>Pies postraszy\u0142 stado wron,<\/p>\n\n\n\n<p>Potem bieg\u0142 zwyczajem psim,<\/p>\n\n\n\n<p>A ja bieg\u0142em razem z nim.<\/p>\n\n\n\n<p>On ujada\u0142. A ja nie.<\/p>\n\n\n\n<p>Pies i tak rozumie mnie,<\/p>\n\n\n\n<p>Pies rozumie, bo ja wiem,<\/p>\n\n\n\n<p>Jak rozmawia\u0107 trzeba z psem.&#8221;<\/p>\n\n\n\n<p>Wiersz &#8211; Jan Brzechwa <img loading=\"lazy\" decoding=\"async\" height=\"16\" width=\"16\" alt=\"\ud83d\udcdc\" src=\"https:\/\/static.xx.fbcdn.net\/images\/emoji.php\/v9\/t4b\/1\/16\/1f4dc.png\"><\/p>","protected":false},"excerpt":{"rendered":"<p>&#8222;Wy nie wiecie, a ja wiem, Jak rozmawia\u0107 trzeba z psem, Bo pozna\u0142em j\u0119zyk psi, Gdy mieszka\u0142em w pewnej wsi. A wi\u0119c wo\u0142am: \u2013 Do mnie, psie! I ju\u017c pies odzywa si\u0119. Potem wo\u0142am: \u2013 Hop-sa-sa! I ju\u017c mam przy sobie psa. A gdy powiem: \u2013 Cicho le\u017c! Le\u017c\u0119 ja i pies m\u00f3j te\u017c. Kiedy [&hellip;]<\/p>","protected":false},"author":1,"featured_media":230396,"comment_status":"closed","ping_status":"closed","sticky":false,"template":"","format":"standard","meta":{"_et_pb_use_builder":"","_et_pb_old_content":"","_et_gb_content_width":"","footnotes":""},"categories":[8],"tags":[],"class_list":["post-230395","post","type-post","status-publish","format-standard","has-post-thumbnail","hentry","category-aktualnosci"],"jetpack_featured_media_url":"https:\/\/westiesbesties.pl\/wp-content\/uploads\/2022\/09\/301893939_759012648706215_2757839421276088081_n.jpg","_links":{"self":[{"href":"https:\/\/westiesbesties.pl\/en\/wp-json\/wp\/v2\/posts\/230395","targetHints":{"allow":["GET"]}}],"collection":[{"href":"https:\/\/westiesbesties.pl\/en\/wp-json\/wp\/v2\/posts"}],"about":[{"href":"https:\/\/westiesbesties.pl\/en\/wp-json\/wp\/v2\/types\/post"}],"author":[{"embeddable":true,"href":"https:\/\/westiesbesties.pl\/en\/wp-json\/wp\/v2\/users\/1"}],"replies":[{"embeddable":true,"href":"https:\/\/westiesbesties.pl\/en\/wp-json\/wp\/v2\/comments?post=230395"}],"version-history":[{"count":1,"href":"https:\/\/westiesbesties.pl\/en\/wp-json\/wp\/v2\/posts\/230395\/revisions"}],"predecessor-version":[{"id":230397,"href":"https:\/\/westiesbesties.pl\/en\/wp-json\/wp\/v2\/posts\/230395\/revisions\/230397"}],"wp:featuredmedia":[{"embeddable":true,"href":"https:\/\/westiesbesties.pl\/en\/wp-json\/wp\/v2\/media\/230396"}],"wp:attachment":[{"href":"https:\/\/westiesbesties.pl\/en\/wp-json\/wp\/v2\/media?parent=230395"}],"wp:term":[{"taxonomy":"category","embeddable":true,"href":"https:\/\/westiesbesties.pl\/en\/wp-json\/wp\/v2\/categories?post=230395"},{"taxonomy":"post_tag","embeddable":true,"href":"https:\/\/westiesbesties.pl\/en\/wp-json\/wp\/v2\/tags?post=230395"}],"curies":[{"name":"wp","href":"https:\/\/api.w.org\/{rel}","templated":true}]}}